{"id":1401,"date":"2020-09-20T15:07:30","date_gmt":"2020-09-20T13:07:30","guid":{"rendered":"http:\/\/traunstein-bicycle-club.de\/?p=1401"},"modified":"2020-10-14T22:01:01","modified_gmt":"2020-10-14T20:01:01","slug":"kidical-mass-mit-200-teilnehmerinnen","status":"publish","type":"post","link":"https:\/\/traunstein-bicycle-club.de\/?p=1401","title":{"rendered":"KIDICAL MASS mit 200 Teilnehmer*innen!"},"content":{"rendered":"\n<p><strong>Traunstein er\u00f6ffnet bundesweites Aktionswochenende \u201cKIDICAL MASS\u201d mit Rekordteilnahme bei Radldemo<\/strong><\/p>\n\n\n\n<p>Unter dem Motto <strong>\u201cKinder aufs Rad!\u201d -\u201cPlatz da f\u00fcr die n\u00e4chste Generation!\u201d <\/strong>kamen am Samstag, 19.9.2020, <strong>200 Radler*innen<\/strong> zur <strong>\u201cKIDICAL MASS\u201d<\/strong> in Traunstein. Bei bestem Wetter und mit ebenso guter Laune, demonstrierten sie f\u00fcr <strong>sichere Radwege f\u00fcr Kinder und Jugendliche<\/strong>.<\/p>\n\n\n\n<p>\u201c\u00dcberw\u00e4ltigend\u201d, so fasst Dr. Patrick Nepper vom Traunstein Bicycle Club die Atmosph\u00e4re zusammen und f\u00fcgt hinzu: \u201c<strong>Familien aus dem gesamten Gemeindegebiet, mit zahlreichen Kindern<\/strong> aller Altersgruppen, haben heute gezeigt, dass die <strong>Forderung nach einem l\u00fcckenlosen, komfortablen und vor allem sicheren Radwegenetz<\/strong> einen <strong>breiten R\u00fcckhalt in der Bev\u00f6lkerung<\/strong> findet. Wir wollen dass sich unsere Kinder sicher und selbst\u00e4ndig mit dem Radl in Traunstein bewegen k\u00f6nnen\u201d. Laut Dr. Nepper sei diesem aber nicht so. Insbesondere auf viel befahrenen Stra\u00dfen wie der Wasserburger Stra\u00dfe, der Rosenheimer Stra\u00dfe oder der Herzog-Friedrich-Stra\u00dfe, w\u00fcrden sich Eltern nicht trauen ihre Kinder mit dem Fahrrad fahren zu lassen und fahren sie lieber mit dem Auto.<\/p>\n\n\n\n<!--more-->\n\n\n\n<p>Die Radldemo f\u00fcr Kinder und Jugendliche findet an diesem Wochenende in insgesamt <strong>108 St\u00e4dten und Gemeinden<\/strong> statt. \u201c<strong>Traunstein war als erste Stadt gleich um 10 Uhr dran, und hat das bundesweite Aktionswochenende gleich mit einem Teilnehmerrekord er\u00f6ffnet.<\/strong>\u201d, sagt Dr. Nepper in seiner Rede und ist sichtlich stolz, dass sich seit dem letzten \u201cSlow Roll\u201d des Clubs die Teilnehmerzahl mehr als verdoppelt hat.<\/p>\n\n\n\n<p>Nils B\u00f6deker, einer der Initiatoren des Traunstein Bicycle Club, sprach in seiner Rede \u00fcber den <strong>Pop-up Radweg<\/strong> an der Ludwigstra\u00dfe: \u201cWir h\u00e4tten uns die Gestaltung anders vorgestellt. Aber: Obwohl der Weg mit seinen Warnbaken mehr nach Baustelle ausschaut als nach Fahrradweg, <strong>wird er bereits jetzt rege genutzt<\/strong>\u201d. B\u00f6deker f\u00fcgt hinzu, dass beim letzten Elternabend an der Ludwig-Thoma-Grundschule die Radlst\u00e4nder \u201cbrechend voll\u201d gewesen w\u00e4ren und es <strong>allseits sehr positive R\u00fcckmeldungen f\u00fcr den Pop-up Radweg<\/strong> g\u00e4be.<\/p>\n\n\n\n<p>Claudia Lahr, Elternbeiratsvorsitzende an der Ludwig-Thoma-Grundschule, pflichtet ihm in Ihrer Rede bei: \u201cAus meiner Sicht geht es weniger darum, ob diese vor\u00fcbergehende Ma\u00dfnahme baulich gut gel\u00f6st ist oder nicht, denn sie wird am 25.9. sowieso wieder entfernt. Es geht vielmehr darum das Bewusstsein zu sch\u00e4rfen,<strong> dass in der Stadt der Raum zwischen den Geb\u00e4uden begrenzt ist.<\/strong> <strong>Man wird den wenigen Platz einfach gerechter<\/strong> <strong>aufteilen m\u00fcssen<\/strong>, als das bislang geschieht. Damit sich alle Verkehrsteilnehmer einigerma\u00dfen sicher im Stra\u00dfenverkehr bewegen k\u00f6nnen.\u201d Lahr f\u00fcgt hinzu, dass Traunstein eine Schulstadt mit <strong>mehreren tausend Sch\u00fclern<\/strong> sei. Nach der vierten Klasse, sollten diese Kinder auch selbst\u00e4ndig zu den weiterf\u00fchrenden Schulen in Traunstein kommen k\u00f6nnen. Aber mit dem Fahrrad hie\u00dfe das dann oft: <strong>Ausweichen auf den Gehweg<\/strong>, <strong>wo der Platz am Morgen eng wird<\/strong>, und sich Radler und zu Fu\u00df gehende Grundsch\u00fcler in die Quere kommen.&nbsp;&nbsp;<\/p>\n\n\n\n<p>Auf dieses Thema sprach auch Dagmar Haid, Sprecherin des <strong>ADFC Traunstein<\/strong>, an: \u201cEltern mit kleinen Kindern d\u00fcrfen ihre Kinder auf dem Gehweg radelnd begleiten. Das wissen die wenigsten. Aber <strong>wenn wir Radler auch in anderen Situationen immer auf den Gehweg ausweichen, werden wir nicht als vollwertige Verkehrsteilnehmende wahrgenommen<\/strong> &#8211; und es kommt zu unn\u00f6tigen Konflikten mit Fu\u00dfg\u00e4ngern.\u201d Besonders am Herzen liegt Haid der <strong>ADFC Fahrradklima Test<\/strong>, den jeder &#8211; nicht nur ADFC Mitglieder &#8211; online unter <a href=\"https:\/\/fahrradklima-test.adfc.de\/\">https:\/\/fahrradklima-test.adfc.de\/<\/a> in wenigen Minuten ausf\u00fcllen kann. \u201cMit dieser Umfrage\u201d, so Haid, \u201ck\u00f6nnen wir auf einfache Weise mitteilen, wie zufrieden wir mit den Radwegen in Traunstein sind, und was sich verbessern kann. Auch die Politik sollte das Ergebnis aufnehmen\u201d.<\/p>\n\n\n\n<p>\u201cDen Vorschlag des Verkehrsreferenten, <strong>einen B\u00fcrgerdialog zu Verkehrsthemen zu starten, begr\u00fc\u00dfen wir vom Traunstein Bicycle Club ausdr\u00fccklich<\/strong>\u201d, sagt B\u00f6deker. Am Besten bringe man alle an einen Tisch um nach L\u00f6sungen zu suchen, die den Verkehrsraum gerechter aufteilen, so B\u00f6deker.<\/p>\n\n\n\n<p>Das Thema <strong>Sicherheit<\/strong> stand bei dieser Veranstaltung nat\u00fcrlich in mehrerlei Hinsicht im Fokus. \u201cGleich vorne weg, ein <strong>riesen Dankesch\u00f6n an die Polizei<\/strong>, die uns heute umfangreich unterst\u00fctzt, und mithilft, dass wir alle eine sichere und reibungslose Kidical Mass durchf\u00fchren k\u00f6nnen.\u201d, sagt Versammlungsleiter Ilja Frank gleich zu Beginn. Die Polizei war mit mehreren Kr\u00e4ften vor Ort und sperrte Stra\u00dfen in der Innenstadt, damit <strong>selbst Kinder mit Laufrad sicher teilnehmen konnten<\/strong>. Zum anderen gab es nat\u00fcrlich ein Hygienekonzept mit Mindestabst\u00e4nden, dessen Einhaltung von den zahlreichen Ordnern \u00fcberwacht wurde.<\/p>\n\n\n\n<p>Der eigentliche Fahrradkorso bewegte sich in mehreren Runden in Schrittgeschwindigkeit zwischen Rosenheimer Stra\u00dfe, Herzog-Friedrich-Stra\u00dfe, Ludwigstra\u00dfe, Maxstra\u00dfe und startete und endete im Stadtpark.<\/p>\n\n\n\n<p><strong>Der n\u00e4chste Slow Roll<\/strong> des Traunstein Bicycle Club findet am <strong>Samstag, 17. Oktober um 10 Uhr<\/strong> statt. Startpunkt ist wieder im Stadtpark. Dann aber wieder als fahrender Verband, d.h. die allerkleinsten d\u00fcrfen dann wieder im Radlanh\u00e4nger, -sitz, oder Lastenrad Platz nehmen.<\/p>\n\n\n\n<p>\u201cDas war <strong>bestimmt nicht die letzte Kidical Mass in Traunstein<\/strong>. Nach diesem Mega-Erfolg, werden wir auch in Zukunft im Aktionsb\u00fcndnis aktiv bleiben.\u201d, sagt Patrick Nepper.<\/p>\n\n\n\n<figure class=\"wp-block-image\"><img decoding=\"async\" src=\"https:\/\/lh6.googleusercontent.com\/KaYWZL6Flgj0youOlnPudodzNHEHdNM5eHpYqEl_WsTmbY63KGG7fjV2Np5x-Ldryg7n5TnubtbMxWJ95a7XZbDo5V0BUUoiswVSloFxqEEowggjmSsACh8y5oi6nnJyTXgv__M\" alt=\"\"\/><\/figure>\n\n\n\n<figure class=\"wp-block-image\"><img decoding=\"async\" src=\"https:\/\/lh5.googleusercontent.com\/lICTbHAPScEzpcmoLUskskC1EFBiWqaY5MakDa7J23gUc7VTcWQjoV9cN2sprEPsJpDRBPFRzV28Kl6EZQuF1gkLX446k4JI3cCjVDQQ3ltOwgG5KmsU-xik6mRim5oHhcIDaX4\" alt=\"\"\/><\/figure>\n\n\n\n<figure class=\"wp-block-image\"><img decoding=\"async\" src=\"https:\/\/lh6.googleusercontent.com\/3x_5fEJz2Va2oUs0PO6LfKJ6tcFseVvU2-vY-3p7wtvsbANzvzybINYN0JhH-VCHxCjkPLtRKAZ7cjwyVeaAWLkfiwr4APjeEKNBEeUzr0-88rSXr2MmNT77A01HUKZnrkh6SHU\" alt=\"\"\/><\/figure>\n\n\n\n<figure class=\"wp-block-image\"><img decoding=\"async\" src=\"https:\/\/lh3.googleusercontent.com\/ckrTmhaRl_avAL0k5HniNlutbYmGrbjkA4i7aIfRooFG8cdc7QAyyrsRSlLwJPGbRW12KDxdOewtdjHPPojeeMv8ivqnT-WEbwzphqB_82BCk04-969xYwIKHvkLhcDeWb747Ow\" alt=\"\"\/><\/figure>\n\n\n\n<figure class=\"wp-block-image\"><img decoding=\"async\" src=\"https:\/\/lh3.googleusercontent.com\/4n2-tux6eT-k3CHijJ3I97s_mFN4GJL0hDWB7rhuPIPImB3WvpizG86mQCn801ZJeZA1qr3VQbNhUbUK9jWB48Pmwcyn1ACjpq4j06vGIZZQnhkzglGNbpyACmAb4BsPjQ9Z5fc\" alt=\"\"\/><\/figure>\n\n\n\n<p>Fotonachweis: Christian Kleibert<\/p>\n\n\n\n<p>Bildbeschreibung: 200 Teilnehmer*innen radelten bei der \u201cKIDICAL MASS\u201d des Traunstein Bicycle Club durch die Stadt.<\/p>\n\n\n\n<figure class=\"wp-block-image\"><img decoding=\"async\" src=\"https:\/\/lh3.googleusercontent.com\/Pyj2v98Nwr4bFX-ukqwBKLYyx94j9C06v4SAbwg4awQvHx9REz3ahQl1wh3dyn2D91rdnFX1w3AERWuVBy0U9xtA262MyNE618rBZmZG90ht1t9zVm8UTpmZioFU7e92_pUITQ0\" alt=\"\"\/><\/figure>\n\n\n\n<p>Fotonachweis: Dr. Patrick Nepper<\/p>\n\n\n\n<p>Bildbeschreibung: 200 Teilnehmer*innen radelten bei der \u201cKIDICAL MASS\u201d des Traunstein Bicycle Club durch die Stadt.<\/p>\n\n\n\n<p><strong>\u00dcber den Traunstein Bicycle Club<\/strong><\/p>\n\n\n\n<p>Der Traunstein Bicycle Club ist eine Initiative, die im Juni 2019 von Nils B\u00f6deker, Ilja Frank und Dr. Patrick Nepper gegr\u00fcndet wurde. Ziel ist es Traunstein in einen perfekten Raum f\u00fcrs Radeln zu verwandeln. Der Club trifft sich einmal im Monat mit Gleichgesinnten zu einem \u201cSlow Roll\u201d. Der \u201cSlow Roll\u201d ist inspiriert vom \u201cDetroit Slow Roll\u201d, einem w\u00f6chentlichen Radlkorso, der langsam durch Detroit zieht um auf bessere Bedingungen f\u00fcr Radler hinzuweisen. Der Traunstein Bicycle Club ist kein eingetragener Verein und unparteilich.<\/p>\n\n\n\n<p>www.traunstein-bicycle-club.de<\/p>\n\n\n\n<p><strong>Hintergrund Kidical Mass&nbsp;<\/strong><\/p>\n\n\n\n<p>Die Kidical Mass setzt sich mit ihren bunten Fahrraddemos f\u00fcr kinder- und fahrradfreundliche St\u00e4dte&nbsp; ein. Die Touren sind f\u00fcr alle von 0 bis 99 Jahre geeignet. Die Polizei sichert die Wege.<\/p>\n\n\n\n<p>Das gemeinsame Wochenende, das in dieser Form erstmalig ist, wurde von der Kidical Mass K\u00f6ln ins Leben gerufen. Unterst\u00fctzt und organisiert wird es von ADFC, Campact, Changing Cities, Deutsches Kinderhilfswerk, Greenpeace, RADKOMM, VCD sowie mehr als 150 lokalen und regionalen Vereinen, Organisationen und Initiativen.<\/p>\n\n\n\n<p>Die Kidical Mass wurde 2008 in Oregon, USA ins Leben gerufen. Die ersten deutschen Kidical Mass fanden 2017\/2018 in St\u00e4dten wie Berlin, Darmstadt, Stuttgart und K\u00f6ln statt. 2019 gab es bereits 30 Kidical Mass in Deutschland, \u00d6sterreich und der Schweiz mit teils 700\u20131.100 Teilnehmenden. Mit dem Aktionswochenende am 19. &amp; 20. September 2020 findet die Kidical Mass zum ersten Mal zeitgleich in ganz Deutschland und dar\u00fcber hinaus statt.<\/p>\n","protected":false},"excerpt":{"rendered":"<p>Traunstein er\u00f6ffnet bundesweites Aktionswochenende \u201cKIDICAL MASS\u201d mit Rekordteilnahme bei Radldemo Unter dem Motto \u201cKinder aufs Rad!\u201d -\u201cPlatz da f\u00fcr die n\u00e4chste Generation!\u201d kamen am Samstag, 19.9.2020, 200 Radler*innen zur \u201cKIDICAL &#8230;<\/p>\n","protected":false},"author":1,"featured_media":1404,"comment_status":"open","ping_status":"open","sticky":false,"template":"","format":"standard","meta":{"footnotes":""},"categories":[18,16],"tags":[],"_links":{"self":[{"href":"https:\/\/traunstein-bicycle-club.de\/index.php?rest_route=\/wp\/v2\/posts\/1401"}],"collection":[{"href":"https:\/\/traunstein-bicycle-club.de\/index.php?rest_route=\/wp\/v2\/posts"}],"about":[{"href":"https:\/\/traunstein-bicycle-club.de\/index.php?rest_route=\/wp\/v2\/types\/post"}],"author":[{"embeddable":true,"href":"https:\/\/traunstein-bicycle-club.de\/index.php?rest_route=\/wp\/v2\/users\/1"}],"replies":[{"embeddable":true,"href":"https:\/\/traunstein-bicycle-club.de\/index.php?rest_route=%2Fwp%2Fv2%2Fcomments&post=1401"}],"version-history":[{"count":3,"href":"https:\/\/traunstein-bicycle-club.de\/index.php?rest_route=\/wp\/v2\/posts\/1401\/revisions"}],"predecessor-version":[{"id":1415,"href":"https:\/\/traunstein-bicycle-club.de\/index.php?rest_route=\/wp\/v2\/posts\/1401\/revisions\/1415"}],"wp:featuredmedia":[{"embeddable":true,"href":"https:\/\/traunstein-bicycle-club.de\/index.php?rest_route=\/wp\/v2\/media\/1404"}],"wp:attachment":[{"href":"https:\/\/traunstein-bicycle-club.de\/index.php?rest_route=%2Fwp%2Fv2%2Fmedia&parent=1401"}],"wp:term":[{"taxonomy":"category","embeddable":true,"href":"https:\/\/traunstein-bicycle-club.de\/index.php?rest_route=%2Fwp%2Fv2%2Fcategories&post=1401"},{"taxonomy":"post_tag","embeddable":true,"href":"https:\/\/traunstein-bicycle-club.de\/index.php?rest_route=%2Fwp%2Fv2%2Ftags&post=1401"}],"curies":[{"name":"wp","href":"https:\/\/api.w.org\/{rel}","templated":true}]}}