{"id":1440,"date":"2021-09-19T23:20:35","date_gmt":"2021-09-19T21:20:35","guid":{"rendered":"http:\/\/traunstein-bicycle-club.de\/?p=1440"},"modified":"2021-09-19T23:34:44","modified_gmt":"2021-09-19T21:34:44","slug":"kidical-mass-150-teilnehmende-beim-10-slow-roll","status":"publish","type":"post","link":"https:\/\/traunstein-bicycle-club.de\/?p=1440","title":{"rendered":"KIDICAL MASS: 150 Teilnehmende beim 10. Slow Roll!"},"content":{"rendered":"\n<figure class=\"wp-block-image size-large\"><img loading=\"lazy\" decoding=\"async\" width=\"2560\" height=\"1440\" src=\"https:\/\/traunstein-bicycle-club.de\/wp-content\/uploads\/2021\/09\/PXL_20210918_082427489-edited-scaled.jpg\" alt=\"\" class=\"wp-image-1447\" srcset=\"https:\/\/traunstein-bicycle-club.de\/wp-content\/uploads\/2021\/09\/PXL_20210918_082427489-edited-scaled.jpg 2560w, https:\/\/traunstein-bicycle-club.de\/wp-content\/uploads\/2021\/09\/PXL_20210918_082427489-edited-300x169.jpg 300w, https:\/\/traunstein-bicycle-club.de\/wp-content\/uploads\/2021\/09\/PXL_20210918_082427489-edited-1024x576.jpg 1024w, https:\/\/traunstein-bicycle-club.de\/wp-content\/uploads\/2021\/09\/PXL_20210918_082427489-edited-768x432.jpg 768w, https:\/\/traunstein-bicycle-club.de\/wp-content\/uploads\/2021\/09\/PXL_20210918_082427489-edited-1536x864.jpg 1536w, https:\/\/traunstein-bicycle-club.de\/wp-content\/uploads\/2021\/09\/PXL_20210918_082427489-edited-2048x1152.jpg 2048w\" sizes=\"(max-width: 2560px) 100vw, 2560px\" \/><\/figure>\n\n\n\n<p>Das zweite Jahr in Folge kamen deutschlandweit tausende Radler*innen unter dem Motto <strong>\u201cKinder aufs Rad!\u201d -\u201cPlatz da f\u00fcr die n\u00e4chste Generation!\u201d zu einer \u201cKIDICAL MASS\u201d <\/strong>zusammen &#8211; so auch <strong>in Traunstein<\/strong>: bei sonnigem Wetter demonstrierten \u00fcber <strong>150 Radler*innen<\/strong> beim 10. Slow Roll f\u00fcr <strong>sichere Radwege f\u00fcr Kinder und Jugendliche<\/strong>. Organisiert wurde die Radldemo von zahlreichen Mitgliedern des Vereins \u201cTraunstein Bicycle Club\u201d.<\/p>\n\n\n\n<p>\u201eDiesen Samstag hat sich in Traunstein und \u00fcber 130 weiteren Orten eindr\u00fccklich gezeigt, dass <strong>sich viele Menschen ein neue Verkehrspolitik w\u00fcnschen<\/strong>\u201d, so Mitorganisator Patrick Nepper vom Traunstein Bicycle Club. \u201cEs ist nunmal nicht damit getan, <strong>bestehende Fahrbahnen rot anzumalen<\/strong>\u201d, f\u00fcgt Nils B\u00f6deker, Vorstandsvorsitzender des Traunstein Bicycle Club, hinzu. \u201cGerade auf Hauptverkehrsstra\u00dfen brauchen wir <strong>gesch\u00fctzte und baulich getrennte Radwege<\/strong>. Es muss unseren Kindern m\u00f6glich sein <strong>ohne Elterntaxi sicher zur Schule zu radeln<\/strong>.\u201d<\/p>\n\n\n\n<p>\u201eWir m\u00fcssen <strong>weg vom verkehrsgerechten Kind, hin zum kindgerechten Verkehr<\/strong>. Gemeinsam mit dem bundesweiten Aktionsb\u00fcndnis <strong>fordern wir von der n\u00e4chsten Bundesregierung ein kinderfreundliches Stra\u00dfenverkehrsrecht.<\/strong> Dazu geh\u00f6rt auch die Einf\u00fchrung von <strong>Tempo 30 als Regelgeschwindigkeit innerorts<\/strong>,\u201c so Patrick Nepper.<\/p>\n\n\n\n<p>Bernhard Gerl, der f\u00fcr den Traunstein Bicycle Club <strong>Mitglied im Steuerkreis des Radverkehrskonzepts<\/strong> ist, meint:&nbsp; \u201cDas Institut f\u00fcr Innovative St\u00e4dte, i.n.s., erstellt gerade im Auftrag der Stadt ein Radverkehrskonzept. <strong>Die ersten Pl\u00e4ne sehen vielversprechend aus<\/strong> &#8211; nun wird sich aber auch zeigen m\u00fcssen, was politisch vom Stadtrat gewollt ist. Wir bleiben dran.\u201d<br>Die Radldemo f\u00fcr Kinder und Jugendliche fand an diesem Wochenende im Rahmen der <strong>\u201cKIDICAL MASS\u201d <\/strong>in \u00fcber <strong>130 St\u00e4dten und Gemeinden<\/strong> statt. In Traunstein haben sich die Radldemos des Traunstein Bicycle Clubs mittlerweile mit regelm\u00e4\u00dfig \u00fcber 100 Teilnehmenden fest etabliert.&nbsp; \u201c<strong>Auch dieses Jahr hatte Traunstein die Ehre als erste Stadt gleich um 10 Uhr das bundesweite Aktionswochenende zu er\u00f6ffnen<\/strong>\u201d, sagt B\u00f6deker in seiner Rede &#8211; bevor sich der eigentliche Fahrradkorso mit vielen Kindern in mehreren Runden in Schrittgeschwindigkeit zwischen Stadtpark, Rosenheimer Stra\u00dfe, Herzog-Friedrich-Stra\u00dfe, Ludwigstra\u00dfe und Maxstra\u00dfe bewegte.<\/p>\n","protected":false},"excerpt":{"rendered":"<p>Das zweite Jahr in Folge kamen deutschlandweit tausende Radler*innen unter dem Motto \u201cKinder aufs Rad!\u201d -\u201cPlatz da f\u00fcr die n\u00e4chste Generation!\u201d zu einer \u201cKIDICAL MASS\u201d zusammen &#8211; so auch in &#8230;<\/p>\n","protected":false},"author":1,"featured_media":1447,"comment_status":"open","ping_status":"open","sticky":false,"template":"","format":"standard","meta":{"footnotes":""},"categories":[18,16,1],"tags":[],"_links":{"self":[{"href":"https:\/\/traunstein-bicycle-club.de\/index.php?rest_route=\/wp\/v2\/posts\/1440"}],"collection":[{"href":"https:\/\/traunstein-bicycle-club.de\/index.php?rest_route=\/wp\/v2\/posts"}],"about":[{"href":"https:\/\/traunstein-bicycle-club.de\/index.php?rest_route=\/wp\/v2\/types\/post"}],"author":[{"embeddable":true,"href":"https:\/\/traunstein-bicycle-club.de\/index.php?rest_route=\/wp\/v2\/users\/1"}],"replies":[{"embeddable":true,"href":"https:\/\/traunstein-bicycle-club.de\/index.php?rest_route=%2Fwp%2Fv2%2Fcomments&post=1440"}],"version-history":[{"count":4,"href":"https:\/\/traunstein-bicycle-club.de\/index.php?rest_route=\/wp\/v2\/posts\/1440\/revisions"}],"predecessor-version":[{"id":1448,"href":"https:\/\/traunstein-bicycle-club.de\/index.php?rest_route=\/wp\/v2\/posts\/1440\/revisions\/1448"}],"wp:featuredmedia":[{"embeddable":true,"href":"https:\/\/traunstein-bicycle-club.de\/index.php?rest_route=\/wp\/v2\/media\/1447"}],"wp:attachment":[{"href":"https:\/\/traunstein-bicycle-club.de\/index.php?rest_route=%2Fwp%2Fv2%2Fmedia&parent=1440"}],"wp:term":[{"taxonomy":"category","embeddable":true,"href":"https:\/\/traunstein-bicycle-club.de\/index.php?rest_route=%2Fwp%2Fv2%2Fcategories&post=1440"},{"taxonomy":"post_tag","embeddable":true,"href":"https:\/\/traunstein-bicycle-club.de\/index.php?rest_route=%2Fwp%2Fv2%2Ftags&post=1440"}],"curies":[{"name":"wp","href":"https:\/\/api.w.org\/{rel}","templated":true}]}}